{"id":24392,"date":"2020-11-05T14:55:08","date_gmt":"2020-11-05T13:55:08","guid":{"rendered":"https:\/\/vipos.edu.rs\/?p=24392"},"modified":"2020-11-10T12:05:10","modified_gmt":"2020-11-10T11:05:10","slug":"odsek-valjevo-bio-domacin-konferencije-digitalna-promocija-turizma-u-valjevu","status":"publish","type":"post","link":"https:\/\/va.akademijazs.edu.rs\/index.php\/2020\/11\/05\/odsek-valjevo-bio-domacin-konferencije-digitalna-promocija-turizma-u-valjevu\/","title":{"rendered":"Odsek Valjevo bio doma\u0107in konferencije \u201eDigitalna promocija turizma u Valjevu\u201d"},"content":{"rendered":"<p>Valjevski Odsek Akademije strukovnih studija Zapadna Srbija bio je doma\u0107in konferencije \u201eDigitalna promocija turizma u Valjevu\u201d, \u010diji je organizator Udru\u017eenje za ekonomsko osna\u017eivanje \u017eena ,,\u017dEM\u201d Valjevo, uz podr\u0161ku Grada Valjeva, Turisti\u010dke organizacije Valjeva i valjevskog Odseka Akademije.<\/p>\n<p style=\"text-align: center;\"><img decoding=\"async\" class=\"aligncenter size-full wp-image-24393\" src=\"https:\/\/vipos.edu.rs\/wp-content\/uploads\/2020\/11\/Turizam-konferencija01.jpg\" alt=\"\" width=\"960\" height=\"720\" srcset=\"https:\/\/va.akademijazs.edu.rs\/wp-content\/uploads\/2020\/11\/Turizam-konferencija01.jpg 960w, https:\/\/va.akademijazs.edu.rs\/wp-content\/uploads\/2020\/11\/Turizam-konferencija01-400x300.jpg 400w, https:\/\/va.akademijazs.edu.rs\/wp-content\/uploads\/2020\/11\/Turizam-konferencija01-200x150.jpg 200w, https:\/\/va.akademijazs.edu.rs\/wp-content\/uploads\/2020\/11\/Turizam-konferencija01-768x576.jpg 768w\" sizes=\"(max-width: 960px) 100vw, 960px\" \/><\/p>\n<p>U\u010desnike Konferencije pozdravili su dr Mla\u0111en Vi\u0107enti\u0107, rukovodilac Odseka, i Emina Bekovi\u0107 u ime Ministarstva turizma, trgovine i telekomunikacija, koje je dalo podr\u0161ku ovom projektu.<\/p>\n<p style=\"text-align: center;\"><img decoding=\"async\" class=\"aligncenter size-full wp-image-24394\" src=\"https:\/\/vipos.edu.rs\/wp-content\/uploads\/2020\/11\/Turizam-konferencija02.jpg\" alt=\"\" width=\"960\" height=\"720\" srcset=\"https:\/\/va.akademijazs.edu.rs\/wp-content\/uploads\/2020\/11\/Turizam-konferencija02.jpg 960w, https:\/\/va.akademijazs.edu.rs\/wp-content\/uploads\/2020\/11\/Turizam-konferencija02-400x300.jpg 400w, https:\/\/va.akademijazs.edu.rs\/wp-content\/uploads\/2020\/11\/Turizam-konferencija02-200x150.jpg 200w, https:\/\/va.akademijazs.edu.rs\/wp-content\/uploads\/2020\/11\/Turizam-konferencija02-768x576.jpg 768w\" sizes=\"(max-width: 960px) 100vw, 960px\" \/><\/p>\n<p>Kako je objasnila Ljiljana Stanojevi\u0107, predsednica Udru\u017eenja \u201e\u017dEM\u201d, cilj ove konferencije, tokom koje je odr\u017eano nekoliko predavanja, je unapre\u0111enje turisti\u010dke ponude valjevskog kraja modernim informacionim i digitalnim tehnologijama \u201ekako bi bila predstavljena u \u0161to boljem svetlu i na taj na\u010din privukla \u0161to ve\u0107i broj turista na na\u0161e podru\u010dje\u201d. O va\u017enosti digitalizacije turisti\u010dke ponude putem specijalizovanih mobilnih aplikacija i dru\u0161tvenih mre\u017ea, govorile su i Tijana Sekuli\u0107 iz Centra za digitalnu transformaciju Srbije i Ana Markovi\u0107, direktorka Turisti\u010dke organizacije Valjeva.<\/p>\n<p style=\"text-align: center;\"><img decoding=\"async\" class=\"aligncenter size-full wp-image-24395\" src=\"https:\/\/vipos.edu.rs\/wp-content\/uploads\/2020\/11\/Turizam-konferencija03.jpg\" alt=\"\" width=\"960\" height=\"720\" srcset=\"https:\/\/va.akademijazs.edu.rs\/wp-content\/uploads\/2020\/11\/Turizam-konferencija03.jpg 960w, https:\/\/va.akademijazs.edu.rs\/wp-content\/uploads\/2020\/11\/Turizam-konferencija03-400x300.jpg 400w, https:\/\/va.akademijazs.edu.rs\/wp-content\/uploads\/2020\/11\/Turizam-konferencija03-200x150.jpg 200w, https:\/\/va.akademijazs.edu.rs\/wp-content\/uploads\/2020\/11\/Turizam-konferencija03-768x576.jpg 768w\" sizes=\"(max-width: 960px) 100vw, 960px\" \/><\/p>\n<p>U radu konferencije u\u010destvovali su i na\u0161i nastavnici dr Biljana Rabasovi\u0107 i dr Vladimir Krivo\u0161ejev, koji su pripremili segment \u201eUnapre\u0111enje turizma valjevskog kraja kroz digitalnu promociju\u201d, isti\u010du\u0107i da su dana\u0161nji putnici edukovaniji i, samim tim, daleko zahtevniji u svojim pretragama potencijalnih turisti\u010dkih destinacija.<\/p>\n<p style=\"text-align: center;\"><img decoding=\"async\" class=\"aligncenter size-full wp-image-24396\" src=\"https:\/\/vipos.edu.rs\/wp-content\/uploads\/2020\/11\/Turizam-konferencija04.jpg\" alt=\"\" width=\"960\" height=\"720\" srcset=\"https:\/\/va.akademijazs.edu.rs\/wp-content\/uploads\/2020\/11\/Turizam-konferencija04.jpg 960w, https:\/\/va.akademijazs.edu.rs\/wp-content\/uploads\/2020\/11\/Turizam-konferencija04-400x300.jpg 400w, https:\/\/va.akademijazs.edu.rs\/wp-content\/uploads\/2020\/11\/Turizam-konferencija04-200x150.jpg 200w, https:\/\/va.akademijazs.edu.rs\/wp-content\/uploads\/2020\/11\/Turizam-konferencija04-768x576.jpg 768w\" sizes=\"(max-width: 960px) 100vw, 960px\" \/><\/p>\n<p>\u201eRepubli\u010dka strategija turizma kao dva turisti\u010dka proizvoda Valjeva navodi prirodu i kulturu. Uvidom u to kakva je digitalna prezentacija ovih proizvoda, uradili smo analizu veb sajtova koji ih predstavljaju, kao i klju\u010dnih sajtova za rezervaciju sme\u0161taja, posle \u010dega smo do\u0161li do nekoliko zaklju\u010daka. Primetno je da je u ekspanziji porast privatnog sme\u0161taja \u2013 apartmana, ku\u0107a i vikendica. Analizirali smo i sajtove turisti\u010dkih ponu\u0111a\u010da i do\u0161li do zaklju\u010dka da je seoski turizam u digitalnoj transformaciji \u201enajtanji\u201d i da je njima treba podr\u0161ka\u201d, istakla je dr Biljana Rabasovi\u0107.<\/p>\n<p style=\"text-align: center;\"><img decoding=\"async\" class=\"aligncenter size-full wp-image-24397\" src=\"https:\/\/vipos.edu.rs\/wp-content\/uploads\/2020\/11\/Turizam-konferencija05.jpg\" alt=\"\" width=\"960\" height=\"720\" srcset=\"https:\/\/va.akademijazs.edu.rs\/wp-content\/uploads\/2020\/11\/Turizam-konferencija05.jpg 960w, https:\/\/va.akademijazs.edu.rs\/wp-content\/uploads\/2020\/11\/Turizam-konferencija05-400x300.jpg 400w, https:\/\/va.akademijazs.edu.rs\/wp-content\/uploads\/2020\/11\/Turizam-konferencija05-200x150.jpg 200w, https:\/\/va.akademijazs.edu.rs\/wp-content\/uploads\/2020\/11\/Turizam-konferencija05-768x576.jpg 768w\" sizes=\"(max-width: 960px) 100vw, 960px\" \/><\/p>\n<p>Zbog toga, kako je obrazlo\u017eila, predlog profesora iz oblasti marketinga i turizma valjevskog Odseka Akademije, jeste formiranje jedne centralizovane internet platforme sa kompletnom turisti\u010dkom ponudom valjevskog kraja, kako bi ona na internetu bila pristupa\u010dnija i vidljivija potencijalnim putnicima i turistima koji pose\u0107uju Valjevo i njegovu okolinu.<\/p>\n","protected":false},"excerpt":{"rendered":"<p>Valjevski Odsek Akademije strukovnih studija Zapadna Srbija bio je doma\u0107in konferencije \u201eDigitalna promocija turizma u Valjevu\u201d, \u010diji je organizator Udru\u017eenje za ekonomsko osna\u017eivanje \u017eena ,,\u017dEM\u201d Valjevo, uz podr\u0161ku Grada Valjeva, Turisti\u010dke organizacije Valjeva i valjevskog Odseka Akademije. U\u010desnike Konferencije pozdravili su dr Mla\u0111en Vi\u0107enti\u0107, rukovodilac Odseka, i Emina Bekovi\u0107 u ime Ministarstva turizma, trgovine i&hellip; <br \/> <a class=\"read-more\" href=\"https:\/\/va.akademijazs.edu.rs\/index.php\/2020\/11\/05\/odsek-valjevo-bio-domacin-konferencije-digitalna-promocija-turizma-u-valjevu\/\">Op\u0161irnije&#8230;<\/a><\/p>\n","protected":false},"author":11,"featured_media":24365,"comment_status":"closed","ping_status":"open","sticky":false,"template":"","format":"standard","meta":{"_monsterinsights_skip_tracking":false,"_monsterinsights_sitenote_active":false,"_monsterinsights_sitenote_note":"","_monsterinsights_sitenote_category":0,"footnotes":""},"categories":[107,41],"tags":[],"class_list":["post-24392","post","type-post","status-publish","format-standard","has-post-thumbnail","hentry","category-aktivnosti","category-vesti","wpautop"],"_links":{"self":[{"href":"https:\/\/va.akademijazs.edu.rs\/index.php\/wp-json\/wp\/v2\/posts\/24392","targetHints":{"allow":["GET"]}}],"collection":[{"href":"https:\/\/va.akademijazs.edu.rs\/index.php\/wp-json\/wp\/v2\/posts"}],"about":[{"href":"https:\/\/va.akademijazs.edu.rs\/index.php\/wp-json\/wp\/v2\/types\/post"}],"author":[{"embeddable":true,"href":"https:\/\/va.akademijazs.edu.rs\/index.php\/wp-json\/wp\/v2\/users\/11"}],"replies":[{"embeddable":true,"href":"https:\/\/va.akademijazs.edu.rs\/index.php\/wp-json\/wp\/v2\/comments?post=24392"}],"version-history":[{"count":0,"href":"https:\/\/va.akademijazs.edu.rs\/index.php\/wp-json\/wp\/v2\/posts\/24392\/revisions"}],"wp:featuredmedia":[{"embeddable":true,"href":"https:\/\/va.akademijazs.edu.rs\/index.php\/wp-json\/wp\/v2\/media\/24365"}],"wp:attachment":[{"href":"https:\/\/va.akademijazs.edu.rs\/index.php\/wp-json\/wp\/v2\/media?parent=24392"}],"wp:term":[{"taxonomy":"category","embeddable":true,"href":"https:\/\/va.akademijazs.edu.rs\/index.php\/wp-json\/wp\/v2\/categories?post=24392"},{"taxonomy":"post_tag","embeddable":true,"href":"https:\/\/va.akademijazs.edu.rs\/index.php\/wp-json\/wp\/v2\/tags?post=24392"}],"curies":[{"name":"wp","href":"https:\/\/api.w.org\/{rel}","templated":true}]}}