{"id":3284,"date":"2013-04-01T09:31:56","date_gmt":"2013-04-01T09:31:56","guid":{"rendered":"http:\/\/wordpress.vipos.rs\/index.php\/2013\/04\/01\/vipos-na-sajmu-obrazovanja-u-lazarevcu\/"},"modified":"2013-04-01T09:31:56","modified_gmt":"2013-04-01T09:31:56","slug":"vipos-na-sajmu-obrazovanja-u-lazarevcu","status":"publish","type":"post","link":"https:\/\/va.akademijazs.edu.rs\/index.php\/2013\/04\/01\/vipos-na-sajmu-obrazovanja-u-lazarevcu\/","title":{"rendered":"VIPOS na Sajmu obrazovanja u Lazarevcu"},"content":{"rendered":"<p style=\"text-align: center;\"><img decoding=\"async\" class=\" size-full wp-image-3282\" src=\"http:\/\/wordpress.vipos.rs\/wp-content\/uploads\/2013\/04\/sajam obrazovanja lazarevac01.jpg\" border=\"0\" width=\"201\" height=\"150\" srcset=\"https:\/\/va.akademijazs.edu.rs\/wp-content\/uploads\/2013\/04\/sajam%20obrazovanja%20lazarevac01.jpg 1024w, https:\/\/va.akademijazs.edu.rs\/wp-content\/uploads\/2013\/04\/sajam%20obrazovanja%20lazarevac01-300x225.jpg 300w\" sizes=\"(max-width: 201px) 100vw, 201px\" \/><\/p>\n<p style=\"text-align: justify;\">\u00a0<\/p>\n<p style=\"text-align: justify;\">Visoka poslovna \u0161kola strukovnih studija u\u010destvovala je na Sajmu obrazovanja \u201cKad porastem bi\u0107u\u201c u Centru za kulturu u Lazarevcu, u organizaciji tamo\u0161njeg Udru\u017eenja mladih.<br \/>Na drugom lazareva\u010dkom Sajmu obrazovanja, koji je otvorio dr\u017eavni sekretar Ministarstva omladine i sporta Nenad Borov\u010danin, izme\u0111u ostalih, u\u010destvovali su beogradski Fakultet organizacionih nauka, Prirodno-matemati\u010dki fakultet, U\u010diteljski i Fakultet informacionih tehnologija, Tehni\u010dki fakultet i Visoka tehnolo\u0161ka \u0161kola \u010ca\u010dak, Visoka tehnolo\u0161ka \u0161kola Aran\u0111elovac i privatni fakulteti Singidunum i Alfa.<\/p>\n<p style=\"text-align: justify;\">\u00a0<\/p>\n<p style=\"text-align: center;\"><img decoding=\"async\" class=\" size-full wp-image-3283\" src=\"http:\/\/wordpress.vipos.rs\/wp-content\/uploads\/2013\/04\/sajam obrazovanja lazarevac02.jpg\" border=\"0\" width=\"201\" height=\"150\" srcset=\"https:\/\/va.akademijazs.edu.rs\/wp-content\/uploads\/2013\/04\/sajam%20obrazovanja%20lazarevac02.jpg 1024w, https:\/\/va.akademijazs.edu.rs\/wp-content\/uploads\/2013\/04\/sajam%20obrazovanja%20lazarevac02-300x225.jpg 300w\" sizes=\"(max-width: 201px) 100vw, 201px\" \/><\/p>\n<p style=\"text-align: justify;\">\u00a0<\/p>\n<p style=\"text-align: justify;\">Na\u0161a \u0161kola, kojoj je ovo bilo drugo u\u010de\u0161\u0107e na ovom Sajmu obrazovanja, posetiocima je predstavila svoje osnovne i specijalisti\u010dke strukovne studije, kao i mogu\u0107nosti upisa i studiranja na jedinoj dr\u017eavnoj visokoobrazovnoj instituciji u regionu.<\/p>\n<p style=\"text-align: justify;\">\u00a0<\/p>\n","protected":false},"excerpt":{"rendered":"<p>\u00a0 Visoka poslovna \u0161kola strukovnih studija u\u010destvovala je na Sajmu obrazovanja \u201cKad porastem bi\u0107u\u201c u Centru za kulturu u Lazarevcu, u organizaciji tamo\u0161njeg Udru\u017eenja mladih.Na drugom lazareva\u010dkom Sajmu obrazovanja, koji je otvorio dr\u017eavni sekretar Ministarstva omladine i sporta Nenad Borov\u010danin, izme\u0111u ostalih, u\u010destvovali su beogradski Fakultet organizacionih nauka, Prirodno-matemati\u010dki fakultet, U\u010diteljski i Fakultet informacionih tehnologija,&hellip; <br \/> <a class=\"read-more\" href=\"https:\/\/va.akademijazs.edu.rs\/index.php\/2013\/04\/01\/vipos-na-sajmu-obrazovanja-u-lazarevcu\/\">Op\u0161irnije&#8230;<\/a><\/p>\n","protected":false},"author":1,"featured_media":3282,"comment_status":"open","ping_status":"open","sticky":false,"template":"","format":"standard","meta":{"_monsterinsights_skip_tracking":false,"footnotes":""},"categories":[45],"tags":[],"class_list":["post-3284","post","type-post","status-publish","format-standard","has-post-thumbnail","hentry","category-desavanja","wpautop"],"_links":{"self":[{"href":"https:\/\/va.akademijazs.edu.rs\/index.php\/wp-json\/wp\/v2\/posts\/3284","targetHints":{"allow":["GET"]}}],"collection":[{"href":"https:\/\/va.akademijazs.edu.rs\/index.php\/wp-json\/wp\/v2\/posts"}],"about":[{"href":"https:\/\/va.akademijazs.edu.rs\/index.php\/wp-json\/wp\/v2\/types\/post"}],"author":[{"embeddable":true,"href":"https:\/\/va.akademijazs.edu.rs\/index.php\/wp-json\/wp\/v2\/users\/1"}],"replies":[{"embeddable":true,"href":"https:\/\/va.akademijazs.edu.rs\/index.php\/wp-json\/wp\/v2\/comments?post=3284"}],"version-history":[{"count":0,"href":"https:\/\/va.akademijazs.edu.rs\/index.php\/wp-json\/wp\/v2\/posts\/3284\/revisions"}],"wp:featuredmedia":[{"embeddable":true,"href":"https:\/\/va.akademijazs.edu.rs\/index.php\/wp-json\/wp\/v2\/media\/3282"}],"wp:attachment":[{"href":"https:\/\/va.akademijazs.edu.rs\/index.php\/wp-json\/wp\/v2\/media?parent=3284"}],"wp:term":[{"taxonomy":"category","embeddable":true,"href":"https:\/\/va.akademijazs.edu.rs\/index.php\/wp-json\/wp\/v2\/categories?post=3284"},{"taxonomy":"post_tag","embeddable":true,"href":"https:\/\/va.akademijazs.edu.rs\/index.php\/wp-json\/wp\/v2\/tags?post=3284"}],"curies":[{"name":"wp","href":"https:\/\/api.w.org\/{rel}","templated":true}]}}