{"id":3351,"date":"2013-04-22T09:37:16","date_gmt":"2013-04-22T09:37:16","guid":{"rendered":"http:\/\/wordpress.vipos.rs\/index.php\/2013\/04\/22\/u-tutgartu-o-mogunostima-strukovnih-master-studija\/"},"modified":"2013-04-22T09:37:16","modified_gmt":"2013-04-22T09:37:16","slug":"u-tutgartu-o-mogunostima-strukovnih-master-studija","status":"publish","type":"post","link":"https:\/\/va.akademijazs.edu.rs\/index.php\/2013\/04\/22\/u-tutgartu-o-mogunostima-strukovnih-master-studija\/","title":{"rendered":"U \u0160tutgartu o mogu\u0107nostima strukovnih master studija"},"content":{"rendered":"<p style=\"text-align: center;\"><img decoding=\"async\" class=\" size-full wp-image-3350\" src=\"http:\/\/wordpress.vipos.rs\/wp-content\/uploads\/2013\/04\/sastanak-u-stutgartu02.jpg\" border=\"0\" width=\"201\" height=\"150\" srcset=\"https:\/\/va.akademijazs.edu.rs\/wp-content\/uploads\/2013\/04\/sastanak-u-stutgartu02.jpg 1024w, https:\/\/va.akademijazs.edu.rs\/wp-content\/uploads\/2013\/04\/sastanak-u-stutgartu02-300x225.jpg 300w\" sizes=\"(max-width: 201px) 100vw, 201px\" \/><\/p>\n<p style=\"text-align: justify;\">Na Univerzitetu primenjenih studija u \u0160tutgartu odr\u017ean je \u010detvorodnevni radni sastanak predstavnika visokih strukovnih \u0161kola Srbije koje dugi niz godina sara\u0111uju sa ovim nema\u010dkim Univerzitetom.<\/p>\n<p>  <!--more-->  <\/p>\n<p style=\"text-align: justify;\">Rektor \u0161tutgartskog Univerziteta dr Joakim Veber razgovarao je sa profesorom VIPOS-a dr Iljom Stani\u0161evi\u0107em, kao i njegovim kolegama, predstavnicima Visokih poslovnih \u0161kola iz Beograda i Blaca i Visoke gra\u0111evinske \u0161kole iz Beograda. Teme radnog sastanka su bile mogu\u0107nost organizovanja strukovnih master studija i prohodnost diplomiranih studenata na doktorske studije, kao i sistem akreditacije i evaulacije studijskih programa u ovim dr\u017eavnim visokim \u0161kolama. <br \/>Saradnja VIPOS-a i Univerziteta primenjenih studija u \u0160tutgartu, koji je osnovan 1974. godine i sa 7.612 studenata jedan je od najve\u0107ih u tom delu Nema\u010dke, traje du\u017ee od decenije, kroz posete, saradnju i razmene studenata i profesora.<\/p>\n<p>\u00a0<\/p>\n","protected":false},"excerpt":{"rendered":"<p>Na Univerzitetu primenjenih studija u \u0160tutgartu odr\u017ean je \u010detvorodnevni radni sastanak predstavnika visokih strukovnih \u0161kola Srbije koje dugi niz godina sara\u0111uju sa ovim nema\u010dkim Univerzitetom.<\/p>\n","protected":false},"author":1,"featured_media":3350,"comment_status":"open","ping_status":"open","sticky":false,"template":"","format":"standard","meta":{"_monsterinsights_skip_tracking":false,"footnotes":""},"categories":[45],"tags":[],"class_list":["post-3351","post","type-post","status-publish","format-standard","has-post-thumbnail","hentry","category-desavanja","wpautop"],"_links":{"self":[{"href":"https:\/\/va.akademijazs.edu.rs\/index.php\/wp-json\/wp\/v2\/posts\/3351","targetHints":{"allow":["GET"]}}],"collection":[{"href":"https:\/\/va.akademijazs.edu.rs\/index.php\/wp-json\/wp\/v2\/posts"}],"about":[{"href":"https:\/\/va.akademijazs.edu.rs\/index.php\/wp-json\/wp\/v2\/types\/post"}],"author":[{"embeddable":true,"href":"https:\/\/va.akademijazs.edu.rs\/index.php\/wp-json\/wp\/v2\/users\/1"}],"replies":[{"embeddable":true,"href":"https:\/\/va.akademijazs.edu.rs\/index.php\/wp-json\/wp\/v2\/comments?post=3351"}],"version-history":[{"count":0,"href":"https:\/\/va.akademijazs.edu.rs\/index.php\/wp-json\/wp\/v2\/posts\/3351\/revisions"}],"wp:featuredmedia":[{"embeddable":true,"href":"https:\/\/va.akademijazs.edu.rs\/index.php\/wp-json\/wp\/v2\/media\/3350"}],"wp:attachment":[{"href":"https:\/\/va.akademijazs.edu.rs\/index.php\/wp-json\/wp\/v2\/media?parent=3351"}],"wp:term":[{"taxonomy":"category","embeddable":true,"href":"https:\/\/va.akademijazs.edu.rs\/index.php\/wp-json\/wp\/v2\/categories?post=3351"},{"taxonomy":"post_tag","embeddable":true,"href":"https:\/\/va.akademijazs.edu.rs\/index.php\/wp-json\/wp\/v2\/tags?post=3351"}],"curies":[{"name":"wp","href":"https:\/\/api.w.org\/{rel}","templated":true}]}}