{"id":345,"date":"2009-04-30T15:52:36","date_gmt":"2009-04-30T15:52:36","guid":{"rendered":"http:\/\/wordpress.vipos.rs\/index.php\/2009\/04\/30\/international-business-administration\/"},"modified":"2009-04-30T15:52:36","modified_gmt":"2009-04-30T15:52:36","slug":"international-business-administration","status":"publish","type":"post","link":"https:\/\/va.akademijazs.edu.rs\/index.php\/2009\/04\/30\/international-business-administration\/","title":{"rendered":"International Business Administration"},"content":{"rendered":"<p align=\"justify\">U subotu, 25.04.2009. godine u Visokoj poslovnoj \u0161koli strukovnih studija Valjevo odr\u017ean je prvi sastanak koji je ozna\u010dio po\u010detak realizacije projekta International Business Administration.<\/p>\n<p> <!--more--> <\/p>\n<p align=\"justify\">Sastanku su prisustvovali predstavnici GTZ-a, Ministarstva prosvete Republike Srbije, ADE\u0160-a, DOSITEJ-a, srednjih stru\u010dnih \u0161kola i visokih poslovnih \u0161kola strukovnih studija iz Valjeva, Novog Sada i Blaca.<\/p>\n<p align=\"justify\">Cilj sastanka je bilo analiza veze izme\u0111u obrazovnog profila Poslovni administrator, koji je u okviru GTZ projekta uveden u srednje stru\u010dne \u0161kole u Srbiji, i studijskog programa International Business Adminisration, \u010dije uvo\u0111enje u visoke poslovne \u0161kole iz Valjeva, Novog Sada i Blaca predstavlja cilj projekta koji pomenute visoko\u0161kolske institucije realizuju uz podr\u0161ku GTZ-a.<\/p>\n<p align=\"justify\">Posle uvodne re\u010di prof. mr Vesne Markovi\u0107, direktora Visoke poslovne \u0161kole u Valjevu, i dr Gustava Rajera, koji je predstavio GTZ projekat za srednje stru\u010dne \u0161kole u Srbiji, kao i cilj projekta Me\u0111unarodna poslovna administracija, profesori srednji stru\u010dnih \u0161kola predstavili su obrazovni profil Poslovni administrator.<\/p>\n<div align=\"justify\">\n<ul>\n<li>Predstavljen je kurikulum Poslovnog administratora, sa posebnim osvrtom na radne kompetencije koje u\u010denici sti\u010du u okviru ovog programa.<\/li>\n<li>Predstavljen je i obja\u0161njen rad Biroa za obuku, kao i metodologija koja se primenjuje u radu.<\/li>\n<li>Predstavljeni su forma i sadr\u017eaj maturskog ispita za obrazovni profil Poslovni administrator.<\/li>\n<\/ul><\/div>\n<p align=\"justify\">Dogovoreno je da profesori visokih poslovnih \u0161kola izvr\u0161e analizu profila Poslovni administrator i da na slede\u0107em sastanku sa predstavnicima srednjih stru\u010dnih \u0161kola daju svoj predlog radnih kompetencija koje bi studijski program International Business Administration trebalo da razvije kod studenata.<\/p>\n","protected":false},"excerpt":{"rendered":"<p>U subotu, 25.04.2009. godine u Visokoj poslovnoj \u0161koli strukovnih studija Valjevo odr\u017ean je prvi sastanak koji je ozna\u010dio po\u010detak realizacije projekta International Business Administration.<\/p>\n","protected":false},"author":1,"featured_media":0,"comment_status":"open","ping_status":"open","sticky":false,"template":"","format":"standard","meta":{"_monsterinsights_skip_tracking":false,"_monsterinsights_sitenote_active":false,"_monsterinsights_sitenote_note":"","_monsterinsights_sitenote_category":0,"footnotes":""},"categories":[45],"tags":[],"class_list":["post-345","post","type-post","status-publish","format-standard","hentry","category-desavanja","wpautop"],"_links":{"self":[{"href":"https:\/\/va.akademijazs.edu.rs\/index.php\/wp-json\/wp\/v2\/posts\/345","targetHints":{"allow":["GET"]}}],"collection":[{"href":"https:\/\/va.akademijazs.edu.rs\/index.php\/wp-json\/wp\/v2\/posts"}],"about":[{"href":"https:\/\/va.akademijazs.edu.rs\/index.php\/wp-json\/wp\/v2\/types\/post"}],"author":[{"embeddable":true,"href":"https:\/\/va.akademijazs.edu.rs\/index.php\/wp-json\/wp\/v2\/users\/1"}],"replies":[{"embeddable":true,"href":"https:\/\/va.akademijazs.edu.rs\/index.php\/wp-json\/wp\/v2\/comments?post=345"}],"version-history":[{"count":0,"href":"https:\/\/va.akademijazs.edu.rs\/index.php\/wp-json\/wp\/v2\/posts\/345\/revisions"}],"wp:attachment":[{"href":"https:\/\/va.akademijazs.edu.rs\/index.php\/wp-json\/wp\/v2\/media?parent=345"}],"wp:term":[{"taxonomy":"category","embeddable":true,"href":"https:\/\/va.akademijazs.edu.rs\/index.php\/wp-json\/wp\/v2\/categories?post=345"},{"taxonomy":"post_tag","embeddable":true,"href":"https:\/\/va.akademijazs.edu.rs\/index.php\/wp-json\/wp\/v2\/tags?post=345"}],"curies":[{"name":"wp","href":"https:\/\/api.w.org\/{rel}","templated":true}]}}