{"id":3556,"date":"2013-06-26T09:53:17","date_gmt":"2013-06-26T09:53:17","guid":{"rendered":"http:\/\/wordpress.vipos.rs\/index.php\/2013\/06\/26\/dr-joakim-veber-kod-ministra-prosvete-i-u-vipos-u\/"},"modified":"2013-06-26T09:53:17","modified_gmt":"2013-06-26T09:53:17","slug":"dr-joakim-veber-kod-ministra-prosvete-i-u-vipos-u","status":"publish","type":"post","link":"https:\/\/va.akademijazs.edu.rs\/index.php\/2013\/06\/26\/dr-joakim-veber-kod-ministra-prosvete-i-u-vipos-u\/","title":{"rendered":"Dr Joakim Veber kod ministra prosvete i u VIPOS-u"},"content":{"rendered":"<p style=\"text-align: center;\">\u00a0<\/p>\n<p style=\"text-align: center;\"><img decoding=\"async\" class=\" size-full wp-image-3554\" src=\"http:\/\/wordpress.vipos.rs\/wp-content\/uploads\/2013\/06\/poseta dr vebera01.jpg\" border=\"0\" width=\"202\" height=\"151\" srcset=\"https:\/\/va.akademijazs.edu.rs\/wp-content\/uploads\/2013\/06\/poseta%20dr%20vebera01.jpg 1024w, https:\/\/va.akademijazs.edu.rs\/wp-content\/uploads\/2013\/06\/poseta%20dr%20vebera01-300x225.jpg 300w\" sizes=\"(max-width: 202px) 100vw, 202px\" \/><\/p>\n<p style=\"text-align: center;\">\u00a0<\/p>\n<p style=\"text-align: justify;\">Profesor dr Joakim Veber, rektor Univerziteta primenjenih studija u \u0160tutgartu, u novoj je poseti Viskoj poslovnoj \u0161koli strukovnih studija, koja sa uglednim nema\u010dkim Univerzitetom sara\u0111uje du\u017ee od decenije.<\/p>\n<p>  <!--more-->  <\/p>\n<p style=\"text-align: justify;\">Pre dolaska u Valjevo, dr Veber je ju\u010de bio gost ministra prosvete Srbije \u017darka Obradovi\u0107a, kojem je izneo nema\u010dka iskustva u vezi sa zna\u010dajem strukovnih studija u toj zemlji i formiranjem univerziteta primenjenih studija, te organizovanjem strukovnih master studija. Imaju\u0107i u vidu najavljene izmene Zakona o visokom obrazovanju u na\u0161oj zemlji, dr Veber je potom odr\u017eao i sastanak sa predstavnicima Nacionalnog saveta za visoko obrazovanje i Komisijom za akreditaciju i procenu kvaliteta.<\/p>\n<p>\u00a0<\/p>\n<p style=\"text-align: center;\"><img decoding=\"async\" class=\" size-full wp-image-3555\" src=\"http:\/\/wordpress.vipos.rs\/wp-content\/uploads\/2013\/06\/poseta dr vebera02.jpg\" border=\"0\" width=\"202\" height=\"151\" srcset=\"https:\/\/va.akademijazs.edu.rs\/wp-content\/uploads\/2013\/06\/poseta%20dr%20vebera02.jpg 1024w, https:\/\/va.akademijazs.edu.rs\/wp-content\/uploads\/2013\/06\/poseta%20dr%20vebera02-300x225.jpg 300w\" sizes=\"(max-width: 202px) 100vw, 202px\" \/><\/p>\n<p style=\"text-align: justify;\">\u00a0<\/p>\n<p style=\"text-align: justify;\">Rektor \u0161tutgartskog Univerziteta danas u VIPOS-u ima sastanak sa profesorima \u0161kole, tokom kojeg \u0107e prezentovati projekte transformacije i akreditacije Univerziteta primenjenih studija.<\/p>\n","protected":false},"excerpt":{"rendered":"<p>\u00a0 \u00a0 Profesor dr Joakim Veber, rektor Univerziteta primenjenih studija u \u0160tutgartu, u novoj je poseti Viskoj poslovnoj \u0161koli strukovnih studija, koja sa uglednim nema\u010dkim Univerzitetom sara\u0111uje du\u017ee od decenije.<\/p>\n","protected":false},"author":1,"featured_media":3554,"comment_status":"open","ping_status":"open","sticky":false,"template":"","format":"standard","meta":{"_monsterinsights_skip_tracking":false,"footnotes":""},"categories":[45],"tags":[],"class_list":["post-3556","post","type-post","status-publish","format-standard","has-post-thumbnail","hentry","category-desavanja","wpautop"],"_links":{"self":[{"href":"https:\/\/va.akademijazs.edu.rs\/index.php\/wp-json\/wp\/v2\/posts\/3556","targetHints":{"allow":["GET"]}}],"collection":[{"href":"https:\/\/va.akademijazs.edu.rs\/index.php\/wp-json\/wp\/v2\/posts"}],"about":[{"href":"https:\/\/va.akademijazs.edu.rs\/index.php\/wp-json\/wp\/v2\/types\/post"}],"author":[{"embeddable":true,"href":"https:\/\/va.akademijazs.edu.rs\/index.php\/wp-json\/wp\/v2\/users\/1"}],"replies":[{"embeddable":true,"href":"https:\/\/va.akademijazs.edu.rs\/index.php\/wp-json\/wp\/v2\/comments?post=3556"}],"version-history":[{"count":0,"href":"https:\/\/va.akademijazs.edu.rs\/index.php\/wp-json\/wp\/v2\/posts\/3556\/revisions"}],"wp:featuredmedia":[{"embeddable":true,"href":"https:\/\/va.akademijazs.edu.rs\/index.php\/wp-json\/wp\/v2\/media\/3554"}],"wp:attachment":[{"href":"https:\/\/va.akademijazs.edu.rs\/index.php\/wp-json\/wp\/v2\/media?parent=3556"}],"wp:term":[{"taxonomy":"category","embeddable":true,"href":"https:\/\/va.akademijazs.edu.rs\/index.php\/wp-json\/wp\/v2\/categories?post=3556"},{"taxonomy":"post_tag","embeddable":true,"href":"https:\/\/va.akademijazs.edu.rs\/index.php\/wp-json\/wp\/v2\/tags?post=3556"}],"curies":[{"name":"wp","href":"https:\/\/api.w.org\/{rel}","templated":true}]}}