{"id":513,"date":"2009-12-10T12:34:58","date_gmt":"2009-12-10T12:34:58","guid":{"rendered":"http:\/\/wordpress.vipos.rs\/index.php\/2009\/12\/10\/sastavljanje-i-podnoenje-poreskog-bilansa\/"},"modified":"2009-12-10T12:34:58","modified_gmt":"2009-12-10T12:34:58","slug":"sastavljanje-i-podnoenje-poreskog-bilansa","status":"publish","type":"post","link":"https:\/\/va.akademijazs.edu.rs\/index.php\/2009\/12\/10\/sastavljanje-i-podnoenje-poreskog-bilansa\/","title":{"rendered":"Sastavljanje i podno\u0161enje poreskog bilansa"},"content":{"rendered":"<p>Na osnovu \u010dlana 11. Pravilnika o polaganju diplomskog ispita Vi\u0161e ekonomske \u0161kole &#8220;Prota Mateja Nenadovi\u0107&#8221; u Valjevu, broj 52. od 31. januara 2005. godine, Studentska slu\u017eba i \u010dlanovi Komisije za odbranu diplomskog rada u sastavu <strong>Mr Jelica Bo\u017eani\u0107,&#160;Mr Miloje Rankovi\u0107 i&#160;Mr Dragoslava Sredojevi\u0107<\/strong> dana <strong>10.12.2009<\/strong>. godine<\/p>\n<p> <strong>OGLA\u0160AVA <\/strong>javnu odbranu diplomskog rada kandidata <strong>Gligorijevi\u0107 Katarine <\/strong>iz Valjeva na temu: \u201cSastavljanje i podno\u0161enje poreskog bilansa\u201d.<\/p>\n<p> <!--more--> <\/p>\n<p><strong>ZAKAZUJE SE<\/strong> javna odbrana diplomskog rada iz ta\u010dke 1. ovog obave\u0161tenja za <strong>16.12.2009<\/strong>. godine sa po\u010detkom u <strong>15:30<\/strong> \u010dasova, u Nastavni\u010dkoj kancelariji.<\/p>\n<p> Kandidat <strong>Gligorijevi\u0107 Katarina <\/strong>iz Valjeva je blagovremeno obave\u0161tena o zakazanom terminu javne odbrane diplomskog rada.<\/p>\n<p> Visoka poslovna \u0161kola<br \/> strukovnih studija<br \/> Broj: 435.\/1<br \/> Datum: 10.12.2009.<br \/> Valjevo<\/p>\n<p>&#160;<\/p>\n","protected":false},"excerpt":{"rendered":"<p>Na osnovu \u010dlana 11. Pravilnika o polaganju diplomskog ispita Vi\u0161e ekonomske \u0161kole &#8220;Prota Mateja Nenadovi\u0107&#8221; u Valjevu, broj 52. od 31. januara 2005. godine, Studentska slu\u017eba i \u010dlanovi Komisije za odbranu diplomskog rada u sastavu Mr Jelica Bo\u017eani\u0107,&#160;Mr Miloje Rankovi\u0107 i&#160;Mr Dragoslava Sredojevi\u0107 dana 10.12.2009. godine OGLA\u0160AVA javnu odbranu diplomskog rada kandidata Gligorijevi\u0107 Katarine iz&hellip; <br \/> <a class=\"read-more\" href=\"https:\/\/va.akademijazs.edu.rs\/index.php\/2009\/12\/10\/sastavljanje-i-podnoenje-poreskog-bilansa\/\">Op\u0161irnije&#8230;<\/a><\/p>\n","protected":false},"author":1,"featured_media":0,"comment_status":"open","ping_status":"open","sticky":false,"template":"","format":"standard","meta":{"_monsterinsights_skip_tracking":false,"_monsterinsights_sitenote_active":false,"_monsterinsights_sitenote_note":"","_monsterinsights_sitenote_category":0,"footnotes":""},"categories":[34],"tags":[],"class_list":["post-513","post","type-post","status-publish","format-standard","hentry","category-c57-diplomski-radovi","wpautop"],"_links":{"self":[{"href":"https:\/\/va.akademijazs.edu.rs\/index.php\/wp-json\/wp\/v2\/posts\/513","targetHints":{"allow":["GET"]}}],"collection":[{"href":"https:\/\/va.akademijazs.edu.rs\/index.php\/wp-json\/wp\/v2\/posts"}],"about":[{"href":"https:\/\/va.akademijazs.edu.rs\/index.php\/wp-json\/wp\/v2\/types\/post"}],"author":[{"embeddable":true,"href":"https:\/\/va.akademijazs.edu.rs\/index.php\/wp-json\/wp\/v2\/users\/1"}],"replies":[{"embeddable":true,"href":"https:\/\/va.akademijazs.edu.rs\/index.php\/wp-json\/wp\/v2\/comments?post=513"}],"version-history":[{"count":0,"href":"https:\/\/va.akademijazs.edu.rs\/index.php\/wp-json\/wp\/v2\/posts\/513\/revisions"}],"wp:attachment":[{"href":"https:\/\/va.akademijazs.edu.rs\/index.php\/wp-json\/wp\/v2\/media?parent=513"}],"wp:term":[{"taxonomy":"category","embeddable":true,"href":"https:\/\/va.akademijazs.edu.rs\/index.php\/wp-json\/wp\/v2\/categories?post=513"},{"taxonomy":"post_tag","embeddable":true,"href":"https:\/\/va.akademijazs.edu.rs\/index.php\/wp-json\/wp\/v2\/tags?post=513"}],"curies":[{"name":"wp","href":"https:\/\/api.w.org\/{rel}","templated":true}]}}