{"id":554,"date":"2009-12-22T10:23:37","date_gmt":"2009-12-22T10:23:37","guid":{"rendered":"http:\/\/wordpress.vipos.rs\/index.php\/2009\/12\/22\/tranzicija-i-globalna-ekonomska-kriza\/"},"modified":"2009-12-22T10:23:37","modified_gmt":"2009-12-22T10:23:37","slug":"tranzicija-i-globalna-ekonomska-kriza","status":"publish","type":"post","link":"https:\/\/va.akademijazs.edu.rs\/index.php\/2009\/12\/22\/tranzicija-i-globalna-ekonomska-kriza\/","title":{"rendered":"Tranzicija i globalna ekonomska kriza"},"content":{"rendered":"<p>Na osnovu \u010dlana 11. Pravilnika o polaganju diplomskog ispita Vi\u0161e ekonomske \u0161kole &#8220;Prota Mateja Nenadovi\u0107&#8221; u Valjevu, broj 52. od 31. januara 2005. godine, Studentska slu\u017eba i \u010dlanovi Komisije za odbranu diplomskog rada u sastavu&#160;<strong>Dr \u0110or\u0111e Pavlovi\u0107,&#160;Mr Dragoslava Sredojevi\u0107 i Mr Sne\u017eana Raki\u0107<\/strong> dana <strong>21.12.2009. <\/strong>godine<\/p>\n<p> <strong>OGLA\u0160AVA<\/strong> javnu odbranu diplomskog rada kandidata <strong>Gruji\u010di\u0107 Su\u017eane <\/strong>iz Uba na temu: \u201c<strong>Tranzicija i globalna ekonomska kriza<\/strong>\u201d.<br \/> &#160;<\/p>\n<p> <!--more--> <\/p>\n<p><strong>ZAKAZUJE SE <\/strong>javna odbrana diplomskog rada iz ta\u010dke 1. ovog obave\u0161tenja za <strong>29.12.2009<\/strong>. godine sa po\u010detkom u <strong>13:00 <\/strong>\u010dasova, u Nastavni\u010dkoj kancelariji.<\/p>\n<p> Kandidat <strong>Gruji\u010di\u0107 Su\u017eana <\/strong>iz Uba je blagovremeno obave\u0161ten o zakazanom terminu javne odbrane diplomskog rada.&#160;&#160;&#160;<\/p>\n<p> Visoka poslovna \u0161kola<br \/> strukovnih studija<br \/> Broj: 464\/1<br \/> Datum: 22.12.2009.<br \/> Valjevo<\/p>\n","protected":false},"excerpt":{"rendered":"<p>Na osnovu \u010dlana 11. Pravilnika o polaganju diplomskog ispita Vi\u0161e ekonomske \u0161kole &#8220;Prota Mateja Nenadovi\u0107&#8221; u Valjevu, broj 52. od 31. januara 2005. godine, Studentska slu\u017eba i \u010dlanovi Komisije za odbranu diplomskog rada u sastavu&#160;Dr \u0110or\u0111e Pavlovi\u0107,&#160;Mr Dragoslava Sredojevi\u0107 i Mr Sne\u017eana Raki\u0107 dana 21.12.2009. godine OGLA\u0160AVA javnu odbranu diplomskog rada kandidata Gruji\u010di\u0107 Su\u017eane iz&hellip; <br \/> <a class=\"read-more\" href=\"https:\/\/va.akademijazs.edu.rs\/index.php\/2009\/12\/22\/tranzicija-i-globalna-ekonomska-kriza\/\">Op\u0161irnije&#8230;<\/a><\/p>\n","protected":false},"author":1,"featured_media":0,"comment_status":"open","ping_status":"open","sticky":false,"template":"","format":"standard","meta":{"_monsterinsights_skip_tracking":false,"_monsterinsights_sitenote_active":false,"_monsterinsights_sitenote_note":"","_monsterinsights_sitenote_category":0,"footnotes":""},"categories":[34],"tags":[],"class_list":["post-554","post","type-post","status-publish","format-standard","hentry","category-c57-diplomski-radovi","wpautop"],"_links":{"self":[{"href":"https:\/\/va.akademijazs.edu.rs\/index.php\/wp-json\/wp\/v2\/posts\/554","targetHints":{"allow":["GET"]}}],"collection":[{"href":"https:\/\/va.akademijazs.edu.rs\/index.php\/wp-json\/wp\/v2\/posts"}],"about":[{"href":"https:\/\/va.akademijazs.edu.rs\/index.php\/wp-json\/wp\/v2\/types\/post"}],"author":[{"embeddable":true,"href":"https:\/\/va.akademijazs.edu.rs\/index.php\/wp-json\/wp\/v2\/users\/1"}],"replies":[{"embeddable":true,"href":"https:\/\/va.akademijazs.edu.rs\/index.php\/wp-json\/wp\/v2\/comments?post=554"}],"version-history":[{"count":0,"href":"https:\/\/va.akademijazs.edu.rs\/index.php\/wp-json\/wp\/v2\/posts\/554\/revisions"}],"wp:attachment":[{"href":"https:\/\/va.akademijazs.edu.rs\/index.php\/wp-json\/wp\/v2\/media?parent=554"}],"wp:term":[{"taxonomy":"category","embeddable":true,"href":"https:\/\/va.akademijazs.edu.rs\/index.php\/wp-json\/wp\/v2\/categories?post=554"},{"taxonomy":"post_tag","embeddable":true,"href":"https:\/\/va.akademijazs.edu.rs\/index.php\/wp-json\/wp\/v2\/tags?post=554"}],"curies":[{"name":"wp","href":"https:\/\/api.w.org\/{rel}","templated":true}]}}